

{"id":1608,"date":"2020-05-07T13:21:00","date_gmt":"2020-05-07T11:21:00","guid":{"rendered":"https:\/\/copernicus.chmi.cz\/?p=1608"},"modified":"2020-07-24T13:24:56","modified_gmt":"2020-07-24T11:24:56","slug":"nicive-pozary-v-evrope-v-roce-2019","status":"publish","type":"post","link":"https:\/\/copernicus.chmi.cz\/index.php\/2020\/05\/07\/nicive-pozary-v-evrope-v-roce-2019\/","title":{"rendered":"Ni\u010div\u00e9 po\u017e\u00e1ry v Evrop\u011b v roce 2019"},"content":{"rendered":"<!-- wp:html--><div class=\"gridContainer\">\n<div id=\"fb-root\"><\/div>\n<script async defer crossorigin=\"anonymous\" src=\"https:\/\/connect.facebook.net\/cs_CZ\/sdk.js#xfbml=1&#038;version=v7.0\" nonce=\"YuDAMFdK\"><\/script>\n<div class=\"fb-post\" data-href=\"https:\/\/www.facebook.com\/permalink.php?story_fbid=1465112790328485&amp;id=589457837893989\" data-show-text=\"true\" data-width=\"\"><blockquote cite=\"https:\/\/developers.facebook.com\/permalink.php?story_fbid=1465112790328485&amp;id=589457837893989\" class=\"fb-xfbml-parse-ignore\"><p>\ud83d\udd25Ni\u010div\u00e9 po\u017e\u00e1ry v Evrop\u011b v roce 2019\n\nPro vznik ni\u010div\u00fdch po\u017e\u00e1r\u016f je obecn\u011b p\u0159\u00edzniv\u00e1 kombinace \ud83c\udf21vysok\u00fdch teplot a&#8230;<\/p>Zve\u0159ejnil(a) <a href=\"https:\/\/www.facebook.com\/Copernicus-v-&#x10c;R-589457837893989\/\">Copernicus v \u010cR<\/a> dne&nbsp;<a href=\"https:\/\/developers.facebook.com\/permalink.php?story_fbid=1465112790328485&amp;id=589457837893989\">\u010ctvrtek 7. kv\u011btna 2020<\/a><\/blockquote><\/div>\n<\/div><!-- \/wp:html-->","protected":false},"excerpt":{"rendered":"<p>\ud83d\udd25Ni\u010div\u00e9 po\u017e\u00e1ry v Evrop\u011b v roce 2019 Pro vznik ni\u010div\u00fdch po\u017e\u00e1r\u016f je obecn\u011b p\u0159\u00edzniv\u00e1 kombinace \ud83c\udf21vysok\u00fdch teplot a&#8230; Zve\u0159ejnil(a) Copernicus v \u010cR dne&nbsp;\u010ctvrtek 7. kv\u011btna 2020<\/p>\n","protected":false},"author":6,"featured_media":1611,"comment_status":"closed","ping_status":"closed","sticky":false,"template":"","format":"standard","meta":{"footnotes":""},"categories":[8],"tags":[],"class_list":["post-1608","post","type-post","status-publish","format-standard","has-post-thumbnail","hentry","category-novinky-2020"],"_links":{"self":[{"href":"https:\/\/copernicus.chmi.cz\/index.php\/wp-json\/wp\/v2\/posts\/1608","targetHints":{"allow":["GET"]}}],"collection":[{"href":"https:\/\/copernicus.chmi.cz\/index.php\/wp-json\/wp\/v2\/posts"}],"about":[{"href":"https:\/\/copernicus.chmi.cz\/index.php\/wp-json\/wp\/v2\/types\/post"}],"author":[{"embeddable":true,"href":"https:\/\/copernicus.chmi.cz\/index.php\/wp-json\/wp\/v2\/users\/6"}],"replies":[{"embeddable":true,"href":"https:\/\/copernicus.chmi.cz\/index.php\/wp-json\/wp\/v2\/comments?post=1608"}],"version-history":[{"count":1,"href":"https:\/\/copernicus.chmi.cz\/index.php\/wp-json\/wp\/v2\/posts\/1608\/revisions"}],"predecessor-version":[{"id":1609,"href":"https:\/\/copernicus.chmi.cz\/index.php\/wp-json\/wp\/v2\/posts\/1608\/revisions\/1609"}],"wp:featuredmedia":[{"embeddable":true,"href":"https:\/\/copernicus.chmi.cz\/index.php\/wp-json\/wp\/v2\/media\/1611"}],"wp:attachment":[{"href":"https:\/\/copernicus.chmi.cz\/index.php\/wp-json\/wp\/v2\/media?parent=1608"}],"wp:term":[{"taxonomy":"category","embeddable":true,"href":"https:\/\/copernicus.chmi.cz\/index.php\/wp-json\/wp\/v2\/categories?post=1608"},{"taxonomy":"post_tag","embeddable":true,"href":"https:\/\/copernicus.chmi.cz\/index.php\/wp-json\/wp\/v2\/tags?post=1608"}],"curies":[{"name":"wp","href":"https:\/\/api.w.org\/{rel}","templated":true}]}}