

{"id":1604,"date":"2020-05-04T13:13:00","date_gmt":"2020-05-04T11:13:00","guid":{"rendered":"https:\/\/copernicus.chmi.cz\/?p=1604"},"modified":"2020-07-24T13:20:10","modified_gmt":"2020-07-24T11:20:10","slug":"neobvykla-ozonova-dira-nad-arktidou-se-zacelila","status":"publish","type":"post","link":"https:\/\/copernicus.chmi.cz\/index.php\/2020\/05\/04\/neobvykla-ozonova-dira-nad-arktidou-se-zacelila\/","title":{"rendered":"Neobvykl\u00e1 ozonov\u00e1 d\u00edra nad Arktidou se zacelila"},"content":{"rendered":"<!-- wp:html--><div class=\"gridContainer\">\n<div id=\"fb-root\"><\/div>\n<script async defer crossorigin=\"anonymous\" src=\"https:\/\/connect.facebook.net\/cs_CZ\/sdk.js#xfbml=1&#038;version=v7.0\" nonce=\"jy0G2c9d\"><\/script>\n<div class=\"fb-post\" data-href=\"https:\/\/www.facebook.com\/permalink.php?story_fbid=1461821020657662&amp;id=589457837893989\" data-show-text=\"true\" data-width=\"\"><blockquote cite=\"https:\/\/developers.facebook.com\/permalink.php?story_fbid=1461821020657662&amp;id=589457837893989\" class=\"fb-xfbml-parse-ignore\"><p>Neobvykl\u00e1 ozonov\u00e1 d\u00edra nad Arktidou se zacelila\ud83c\udf0d\n\nNa po\u010d\u00e1tku dubna ozn\u00e1mili v\u011bdci ze slu\u017eby Copernicus pro monitorov\u00e1n\u00ed&#8230;<\/p>Zve\u0159ejnil(a) <a href=\"https:\/\/www.facebook.com\/Copernicus-v-&#x10c;R-589457837893989\/\">Copernicus v \u010cR<\/a> dne&nbsp;<a href=\"https:\/\/developers.facebook.com\/permalink.php?story_fbid=1461821020657662&amp;id=589457837893989\">Ned\u011ble 3. kv\u011btna 2020<\/a><\/blockquote><\/div>\n<\/div><!-- \/wp:html-->","protected":false},"excerpt":{"rendered":"<p>Neobvykl\u00e1 ozonov\u00e1 d\u00edra nad Arktidou se zacelila\ud83c\udf0d Na po\u010d\u00e1tku dubna ozn\u00e1mili v\u011bdci ze slu\u017eby Copernicus pro monitorov\u00e1n\u00ed&#8230; Zve\u0159ejnil(a) Copernicus v \u010cR dne&nbsp;Ned\u011ble 3. kv\u011btna 2020<\/p>\n","protected":false},"author":6,"featured_media":1605,"comment_status":"closed","ping_status":"closed","sticky":false,"template":"","format":"standard","meta":{"footnotes":""},"categories":[8],"tags":[],"class_list":["post-1604","post","type-post","status-publish","format-standard","has-post-thumbnail","hentry","category-novinky-2020"],"_links":{"self":[{"href":"https:\/\/copernicus.chmi.cz\/index.php\/wp-json\/wp\/v2\/posts\/1604","targetHints":{"allow":["GET"]}}],"collection":[{"href":"https:\/\/copernicus.chmi.cz\/index.php\/wp-json\/wp\/v2\/posts"}],"about":[{"href":"https:\/\/copernicus.chmi.cz\/index.php\/wp-json\/wp\/v2\/types\/post"}],"author":[{"embeddable":true,"href":"https:\/\/copernicus.chmi.cz\/index.php\/wp-json\/wp\/v2\/users\/6"}],"replies":[{"embeddable":true,"href":"https:\/\/copernicus.chmi.cz\/index.php\/wp-json\/wp\/v2\/comments?post=1604"}],"version-history":[{"count":2,"href":"https:\/\/copernicus.chmi.cz\/index.php\/wp-json\/wp\/v2\/posts\/1604\/revisions"}],"predecessor-version":[{"id":1607,"href":"https:\/\/copernicus.chmi.cz\/index.php\/wp-json\/wp\/v2\/posts\/1604\/revisions\/1607"}],"wp:featuredmedia":[{"embeddable":true,"href":"https:\/\/copernicus.chmi.cz\/index.php\/wp-json\/wp\/v2\/media\/1605"}],"wp:attachment":[{"href":"https:\/\/copernicus.chmi.cz\/index.php\/wp-json\/wp\/v2\/media?parent=1604"}],"wp:term":[{"taxonomy":"category","embeddable":true,"href":"https:\/\/copernicus.chmi.cz\/index.php\/wp-json\/wp\/v2\/categories?post=1604"},{"taxonomy":"post_tag","embeddable":true,"href":"https:\/\/copernicus.chmi.cz\/index.php\/wp-json\/wp\/v2\/tags?post=1604"}],"curies":[{"name":"wp","href":"https:\/\/api.w.org\/{rel}","templated":true}]}}